{"id":9342,"date":"2024-03-26T12:36:23","date_gmt":"2024-03-26T11:36:23","guid":{"rendered":"https:\/\/plazadetoroscordoba.com\/les-cinq-califes-de-cordoue\/"},"modified":"2026-04-28T15:00:20","modified_gmt":"2026-04-28T13:00:20","slug":"les-cinq-califes-de-cordoue","status":"publish","type":"post","link":"https:\/\/plazadetoroscordoba.com\/fr\/les-cinq-califes-de-cordoue\/","title":{"rendered":"Les cinq califes de Cordoue"},"content":{"rendered":"<section class=\"l-section wpb_row height_medium\"><div class=\"l-section-h i-cf\"><div class=\"g-cols vc_row via_grid cols_1 laptops-cols_inherit tablets-cols_inherit mobiles-cols_1 valign_top type_default stacking_default\"><div class=\"wpb_column vc_column_container\"><div class=\"vc_column-inner\"><div class=\"wpb_text_column\"><div class=\"wpb_wrapper\"><h1>Les cinq califes de Cordoue<\/h1>\n<p>Dans une ville \u00e0 l&rsquo;histoire musulmane importante, le califat et les califes ont \u00e9t\u00e9 utilis\u00e9s pour mettre en valeur certains des meilleurs toreros de l&rsquo;histoire. Ces toreros, ou califes, ont r\u00e9gn\u00e9 sur le monde de la tauromachie pendant de nombreuses ann\u00e9es, laissant leur empreinte dans l&rsquo;histoire et apportant leurs comp\u00e9tences et leur art, caract\u00e9ristiques de chaque calife. <\/p>\n<h2>Qui sont les cinq califes de Cordoue ?<\/h2>\n<p>Les cinq califes taurins de Cordoue sont :<strong> Lagartijo, Guerrita, Machaquito, Manolete et El Cordob\u00e9s<\/strong>. Tous ont \u00e9t\u00e9 \u00e9lus califes apr\u00e8s avoir rempli avec succ\u00e8s une s\u00e9rie de conditions : <\/p>\n<ul>\n<li>N\u00e9 \u00e0 Cordoue.<\/li>\n<li>Tenez six saisons cons\u00e9cutives.<\/li>\n<li>Enamourer le monde de la tauromachie.<\/li>\n<li>Recevoir la reconnaissance et le respect du public.<\/li>\n<li>En se promenant dans les ar\u00e8nes, son origine cordouane.<\/li>\n<\/ul>\n<p>&nbsp;<\/p>\n<\/div><\/div><div class=\"g-cols wpb_row via_grid cols_5 laptops-cols_inherit tablets-cols_2 mobiles-cols_1 valign_top type_default stacking_default\" style=\"--columns-gap:1.8rem;\"><div class=\"wpb_column vc_column_container\"><div class=\"vc_column-inner\"><div class=\"w-tabs style_default switch_click accordion has_scrolling\" style=\"--sections-title-size:inherit\"><div class=\"w-tabs-sections titles-align_none icon_chevron cpos_right\"><div class=\"w-tabs-section\" id=\"f877\"><button class=\"w-tabs-section-header\" aria-controls=\"content-f877\" aria-expanded=\"false\"><h3 class=\"w-tabs-section-title\">Lagartijo<\/h3><div class=\"w-tabs-section-control\"><\/div><\/button><div  class=\"w-tabs-section-content\" id=\"content-f877\"><div class=\"w-tabs-section-content-h i-cf\"><div class=\"wpb_text_column\"><div class=\"wpb_wrapper\"><p>Il a pass\u00e9 30 ans au sommet du monde de la tauromachie, disputant un total de 1 632 corridas. Il \u00e9tait le rival de certains des meilleurs toreros du dernier tiers du XIXe si\u00e8cle, tels que Bocanegra, El Tato, Frascuelo et Guerrita.<\/p>\n<\/div><\/div><\/div><\/div><\/div><\/div><\/div><div class=\"w-separator size_small\"><\/div><div class=\"w-image has_ratio align_none\"><div class=\"w-image-h\"><div style=\"padding-bottom:133.3333%\"><\/div><img decoding=\"async\" width=\"299\" height=\"428\" src=\"https:\/\/plazadetoroscordoba.com\/wp-content\/uploads\/2024\/03\/lagartijo.jpg\" class=\"attachment-large size-large\" alt=\"torero lagartijo\" loading=\"lazy\" \/><\/div><\/div><\/div><\/div><div class=\"wpb_column vc_column_container\"><div class=\"vc_column-inner\"><div class=\"w-tabs style_default switch_click accordion has_scrolling\" style=\"--sections-title-size:inherit\"><div class=\"w-tabs-sections titles-align_none icon_chevron cpos_right\"><div class=\"w-tabs-section\" id=\"j3e5\"><button class=\"w-tabs-section-header\" aria-controls=\"content-j3e5\" aria-expanded=\"false\"><h3 class=\"w-tabs-section-title\">Guerita<\/h3><div class=\"w-tabs-section-control\"><\/div><\/button><div  class=\"w-tabs-section-content\" id=\"content-j3e5\"><div class=\"w-tabs-section-content-h i-cf\"><div class=\"wpb_text_column\"><div class=\"wpb_wrapper\"><p>Le torero Guerita \u00e9tait l&rsquo;apprenti du premier calife (Lagartijo). Pendant pr\u00e8s de 12 ans, il a concouru avec son ma\u00eetre et d&rsquo;autres toreros de haut niveau, r\u00e9alisant un total de 892 corridas. Il se caract\u00e9risait par sa grande qualit\u00e9, imbattable aux banderilles, puissant \u00e0 la muleta et pr\u00e9cis \u00e0 l&rsquo;\u00e9p\u00e9e.<\/p>\n<\/div><\/div><\/div><\/div><\/div><\/div><\/div><div class=\"w-separator size_small\"><\/div><div class=\"w-image has_ratio align_none\"><div class=\"w-image-h\"><div style=\"padding-bottom:133.3333%\"><\/div><img decoding=\"async\" width=\"405\" height=\"700\" src=\"https:\/\/plazadetoroscordoba.com\/wp-content\/uploads\/2024\/03\/guerita.jpg\" class=\"attachment-large size-large\" alt=\"torero guerita\" loading=\"lazy\" \/><\/div><\/div><\/div><\/div><div class=\"wpb_column vc_column_container\"><div class=\"vc_column-inner\"><div class=\"w-tabs style_default switch_click accordion has_scrolling\" style=\"--sections-title-size:inherit\"><div class=\"w-tabs-sections titles-align_none icon_chevron cpos_right\"><div class=\"w-tabs-section\" id=\"xe0e\"><button class=\"w-tabs-section-header\" aria-controls=\"content-xe0e\" aria-expanded=\"false\"><h3 class=\"w-tabs-section-title\">Machaquito<\/h3><div class=\"w-tabs-section-control\"><\/div><\/button><div  class=\"w-tabs-section-content\" id=\"content-xe0e\"><div class=\"w-tabs-section-content-h i-cf\"><div class=\"wpb_text_column\"><div class=\"wpb_wrapper\"><p>Rafael Gonz\u00e1lez est le troisi\u00e8me calife. Il a affront\u00e9 certains des plus grands taureaux, ce qui fait de lui le dernier repr\u00e9sentant de la tauromachie la plus primitive. Il a combattu un total de 754 corridas et a partag\u00e9 la sc\u00e8ne avec d&rsquo;autres toreros tels que Bombita et El gallo.<\/p>\n<\/div><\/div><\/div><\/div><\/div><\/div><\/div><div class=\"w-separator size_small\"><\/div><div class=\"w-image has_ratio align_none\"><div class=\"w-image-h\"><div style=\"padding-bottom:133.3333%\"><\/div><img decoding=\"async\" width=\"420\" height=\"544\" src=\"https:\/\/plazadetoroscordoba.com\/wp-content\/uploads\/2024\/03\/Machaquito-torero.webp\" class=\"attachment-large size-large\" alt=\"Machaquito torero cordobes\" loading=\"lazy\" \/><\/div><\/div><\/div><\/div><div class=\"wpb_column vc_column_container\"><div class=\"vc_column-inner\"><div class=\"w-tabs style_default switch_click accordion has_scrolling\" style=\"--sections-title-size:inherit\"><div class=\"w-tabs-sections titles-align_none icon_chevron cpos_right\"><div class=\"w-tabs-section\" id=\"w7ab\"><button class=\"w-tabs-section-header\" aria-controls=\"content-w7ab\" aria-expanded=\"false\"><h3 class=\"w-tabs-section-title\">Manolete<\/h3><div class=\"w-tabs-section-control\"><\/div><\/button><div  class=\"w-tabs-section-content\" id=\"content-w7ab\"><div class=\"w-tabs-section-content-h i-cf\"><div class=\"wpb_text_column\"><div class=\"wpb_wrapper\"><p>Manuel Laureano \u00ab\u00a0Manolete\u00a0\u00bb, l&rsquo;un des toreros les plus brillants et les plus c\u00e9l\u00e8bres de l&rsquo;histoire, est mort d&rsquo;un encornement \u00e0 Linares. Cela a fait de lui l&rsquo;un des symboles de la tauromachie. Son style est consid\u00e9r\u00e9 comme \u00e9l\u00e9gant et vertical, il a fait \u00e9voluer l&rsquo;art de la muleta en tor\u00e9ant devant le torero et de profil.<\/p>\n<\/div><\/div><\/div><\/div><\/div><\/div><\/div><div class=\"w-separator size_small\"><\/div><div class=\"w-image has_ratio align_none\"><div class=\"w-image-h\"><div style=\"padding-bottom:133.3333%\"><\/div><img decoding=\"async\" width=\"305\" height=\"400\" src=\"https:\/\/plazadetoroscordoba.com\/wp-content\/uploads\/2024\/03\/Manolete.jpg\" class=\"attachment-large size-large\" alt=\"Manolete torero\" loading=\"lazy\" \/><\/div><\/div><\/div><\/div><div class=\"wpb_column vc_column_container\"><div class=\"vc_column-inner\"><div class=\"w-tabs style_default switch_click accordion has_scrolling\" style=\"--sections-title-size:inherit\"><div class=\"w-tabs-sections titles-align_none icon_chevron cpos_right\"><div class=\"w-tabs-section\" id=\"l19a\"><button class=\"w-tabs-section-header\" aria-controls=\"content-l19a\" aria-expanded=\"false\"><h3 class=\"w-tabs-section-title\">El cordob\u00e9s<\/h3><div class=\"w-tabs-section-control\"><\/div><\/button><div  class=\"w-tabs-section-content\" id=\"content-l19a\"><div class=\"w-tabs-section-content-h i-cf\"><div class=\"wpb_text_column\"><div class=\"wpb_wrapper\"><p>Cordob\u00e9s est le cinqui\u00e8me calife et l&rsquo;un des toreros les plus c\u00e9l\u00e8bres des ann\u00e9es 60, bien qu&rsquo;il n&rsquo;ait effectu\u00e9 que 8 saisons (774 corridas). Sa tauromachie se caract\u00e9risait par son immobilit\u00e9 devant les taureaux et son tr\u00e9mentisme, son style \u00e9tant celui de l&rsquo;immobilit\u00e9 et de l&rsquo;endurance.<\/p>\n<\/div><\/div><\/div><\/div><\/div><\/div><\/div><div class=\"w-separator size_small\"><\/div><div class=\"w-image has_ratio align_none\"><div class=\"w-image-h\"><div style=\"padding-bottom:133.3333%\"><\/div><img decoding=\"async\" width=\"442\" height=\"600\" src=\"https:\/\/plazadetoroscordoba.com\/wp-content\/uploads\/2024\/03\/el-cordobes-1.jpg\" class=\"attachment-large size-large\" alt=\"\" loading=\"lazy\" \/><\/div><\/div><\/div><\/div><\/div><\/div><\/div><\/div><\/div><\/section><section class=\"l-section wpb_row height_medium\"><div class=\"l-section-h i-cf\"><div class=\"g-cols vc_row via_grid cols_2-3 laptops-cols_2 tablets-cols_inherit mobiles-cols_1 valign_middle type_default stacking_default\" style=\"--columns-gap:5%;\"><div class=\"wpb_column vc_column_container\"><div class=\"vc_column-inner\"><div class=\"wpb_text_column\"><div class=\"wpb_wrapper\"><h2>Le mus\u00e9e des cinq califes<\/h2>\n<p>Les califes de Cordoue ont une grande importance dans la tauromachie et l&rsquo;histoire de la ville. C&rsquo;est pourquoi le mus\u00e9e de la tauromachie de la ville propose une exposition tr\u00e8s int\u00e9ressante qui vous permettra de d\u00e9couvrir ces grands toreros de mani\u00e8re ludique et divertissante. <\/p>\n<p><a href=\"https:\/\/plazadetoroscordoba.com\/fr\/musee-taurin\/\"><b>Visite du mus\u00e9e de la tauromachie -&gt;<\/b><\/a><\/p>\n<\/div><\/div><\/div><\/div><div class=\"wpb_column vc_column_container\"><div class=\"vc_column-inner\"><div class=\"w-image align_none\"><div class=\"w-image-h\"><img decoding=\"async\" width=\"903\" height=\"600\" src=\"https:\/\/plazadetoroscordoba.com\/wp-content\/uploads\/2024\/03\/pinturas-y-esculturas.jpg\" class=\"attachment-large size-large\" alt=\"peintures et sculptures du mus\u00e9e taurin\" loading=\"lazy\" srcset=\"https:\/\/plazadetoroscordoba.com\/wp-content\/uploads\/2024\/03\/pinturas-y-esculturas.jpg 903w, https:\/\/plazadetoroscordoba.com\/wp-content\/uploads\/2024\/03\/pinturas-y-esculturas-300x199.jpg 300w, https:\/\/plazadetoroscordoba.com\/wp-content\/uploads\/2024\/03\/pinturas-y-esculturas-600x399.jpg 600w\" sizes=\"auto, (max-width: 903px) 100vw, 903px\" \/><\/div><\/div><\/div><\/div><\/div><\/div><\/section>\n","protected":false},"excerpt":{"rendered":"Les cinq califes de Cordoue Dans une ville \u00e0 l&rsquo;histoire musulmane importante, le califat et les califes ont \u00e9t\u00e9 utilis\u00e9s pour mettre en valeur certains des meilleurs toreros de l&rsquo;histoire. Ces toreros, ou califes, ont r\u00e9gn\u00e9 sur le monde de la tauromachie pendant de nombreuses ann\u00e9es, laissant leur empreinte dans l&rsquo;histoire et apportant leurs comp\u00e9tences...","protected":false},"author":2,"featured_media":4389,"comment_status":"open","ping_status":"open","sticky":false,"template":"","format":"standard","meta":{"footnotes":""},"categories":[107],"tags":[],"class_list":["post-9342","post","type-post","status-publish","format-standard","has-post-thumbnail","hentry","category-blog"],"yoast_head":"<!-- This site is optimized with the Yoast SEO plugin v27.5 - https:\/\/yoast.com\/product\/yoast-seo-wordpress\/ -->\n<title>Les cinq califes de Cordoue - Plaza Toros C\u00f3rdoba<\/title>\n<meta name=\"robots\" content=\"index, follow, max-snippet:-1, max-image-preview:large, max-video-preview:-1\" \/>\n<link rel=\"canonical\" href=\"https:\/\/plazadetoroscordoba.com\/fr\/les-cinq-califes-de-cordoue\/\" \/>\n<meta property=\"og:locale\" content=\"fr_FR\" \/>\n<meta property=\"og:type\" content=\"article\" \/>\n<meta property=\"og:title\" content=\"Les cinq califes de Cordoue - Plaza Toros C\u00f3rdoba\" \/>\n<meta property=\"og:url\" content=\"https:\/\/plazadetoroscordoba.com\/fr\/les-cinq-califes-de-cordoue\/\" \/>\n<meta property=\"og:site_name\" content=\"Plaza Toros C\u00f3rdoba\" \/>\n<meta property=\"article:published_time\" content=\"2024-03-26T11:36:23+00:00\" \/>\n<meta property=\"article:modified_time\" content=\"2026-04-28T13:00:20+00:00\" \/>\n<meta property=\"og:image\" content=\"https:\/\/plazadetoroscordoba.com\/wp-content\/uploads\/2024\/03\/los-califas.jpg\" \/>\n\t<meta property=\"og:image:width\" content=\"660\" \/>\n\t<meta property=\"og:image:height\" content=\"390\" \/>\n\t<meta property=\"og:image:type\" content=\"image\/jpeg\" \/>\n<meta name=\"author\" content=\"Marketing\" \/>\n<meta name=\"twitter:card\" content=\"summary_large_image\" \/>\n<meta name=\"twitter:label1\" content=\"\u00c9crit par\" \/>\n\t<meta name=\"twitter:data1\" content=\"Marketing\" \/>\n\t<meta name=\"twitter:label2\" content=\"Dur\u00e9e de lecture estim\u00e9e\" \/>\n\t<meta name=\"twitter:data2\" content=\"4 minutes\" \/>\n<script type=\"application\/ld+json\" class=\"yoast-schema-graph\">{\"@context\":\"https:\\\/\\\/schema.org\",\"@graph\":[{\"@type\":\"Article\",\"@id\":\"https:\\\/\\\/plazadetoroscordoba.com\\\/fr\\\/les-cinq-califes-de-cordoue\\\/#article\",\"isPartOf\":{\"@id\":\"https:\\\/\\\/plazadetoroscordoba.com\\\/fr\\\/les-cinq-califes-de-cordoue\\\/\"},\"author\":{\"name\":\"Marketing\",\"@id\":\"https:\\\/\\\/plazadetoroscordoba.com\\\/fr\\\/#\\\/schema\\\/person\\\/585e54b6000bb379c3208c74be7bdbcc\"},\"headline\":\"Les cinq califes de Cordoue\",\"datePublished\":\"2024-03-26T11:36:23+00:00\",\"dateModified\":\"2026-04-28T13:00:20+00:00\",\"mainEntityOfPage\":{\"@id\":\"https:\\\/\\\/plazadetoroscordoba.com\\\/fr\\\/les-cinq-califes-de-cordoue\\\/\"},\"wordCount\":783,\"commentCount\":0,\"publisher\":{\"@id\":\"https:\\\/\\\/plazadetoroscordoba.com\\\/fr\\\/#organization\"},\"image\":{\"@id\":\"https:\\\/\\\/plazadetoroscordoba.com\\\/fr\\\/les-cinq-califes-de-cordoue\\\/#primaryimage\"},\"thumbnailUrl\":\"https:\\\/\\\/plazadetoroscordoba.com\\\/wp-content\\\/uploads\\\/2024\\\/03\\\/los-califas.jpg\",\"articleSection\":[\"Blog\"],\"inLanguage\":\"fr-FR\",\"potentialAction\":[{\"@type\":\"CommentAction\",\"name\":\"Comment\",\"target\":[\"https:\\\/\\\/plazadetoroscordoba.com\\\/fr\\\/les-cinq-califes-de-cordoue\\\/#respond\"]}]},{\"@type\":\"WebPage\",\"@id\":\"https:\\\/\\\/plazadetoroscordoba.com\\\/fr\\\/les-cinq-califes-de-cordoue\\\/\",\"url\":\"https:\\\/\\\/plazadetoroscordoba.com\\\/fr\\\/les-cinq-califes-de-cordoue\\\/\",\"name\":\"Les cinq califes de Cordoue - Plaza Toros C\u00f3rdoba\",\"isPartOf\":{\"@id\":\"https:\\\/\\\/plazadetoroscordoba.com\\\/fr\\\/#website\"},\"primaryImageOfPage\":{\"@id\":\"https:\\\/\\\/plazadetoroscordoba.com\\\/fr\\\/les-cinq-califes-de-cordoue\\\/#primaryimage\"},\"image\":{\"@id\":\"https:\\\/\\\/plazadetoroscordoba.com\\\/fr\\\/les-cinq-califes-de-cordoue\\\/#primaryimage\"},\"thumbnailUrl\":\"https:\\\/\\\/plazadetoroscordoba.com\\\/wp-content\\\/uploads\\\/2024\\\/03\\\/los-califas.jpg\",\"datePublished\":\"2024-03-26T11:36:23+00:00\",\"dateModified\":\"2026-04-28T13:00:20+00:00\",\"breadcrumb\":{\"@id\":\"https:\\\/\\\/plazadetoroscordoba.com\\\/fr\\\/les-cinq-califes-de-cordoue\\\/#breadcrumb\"},\"inLanguage\":\"fr-FR\",\"potentialAction\":[{\"@type\":\"ReadAction\",\"target\":[\"https:\\\/\\\/plazadetoroscordoba.com\\\/fr\\\/les-cinq-califes-de-cordoue\\\/\"]}]},{\"@type\":\"ImageObject\",\"inLanguage\":\"fr-FR\",\"@id\":\"https:\\\/\\\/plazadetoroscordoba.com\\\/fr\\\/les-cinq-califes-de-cordoue\\\/#primaryimage\",\"url\":\"https:\\\/\\\/plazadetoroscordoba.com\\\/wp-content\\\/uploads\\\/2024\\\/03\\\/los-califas.jpg\",\"contentUrl\":\"https:\\\/\\\/plazadetoroscordoba.com\\\/wp-content\\\/uploads\\\/2024\\\/03\\\/los-califas.jpg\",\"width\":660,\"height\":390},{\"@type\":\"BreadcrumbList\",\"@id\":\"https:\\\/\\\/plazadetoroscordoba.com\\\/fr\\\/les-cinq-califes-de-cordoue\\\/#breadcrumb\",\"itemListElement\":[{\"@type\":\"ListItem\",\"position\":1,\"name\":\"Portada\",\"item\":\"https:\\\/\\\/plazadetoroscordoba.com\\\/fr\\\/\"},{\"@type\":\"ListItem\",\"position\":2,\"name\":\"Les cinq califes de Cordoue\"}]},{\"@type\":\"WebSite\",\"@id\":\"https:\\\/\\\/plazadetoroscordoba.com\\\/fr\\\/#website\",\"url\":\"https:\\\/\\\/plazadetoroscordoba.com\\\/fr\\\/\",\"name\":\"Plaza Toros C\u00f3rdoba\",\"description\":\"Venta de entradas a corridas de toros en C\u00f3rdoba\",\"publisher\":{\"@id\":\"https:\\\/\\\/plazadetoroscordoba.com\\\/fr\\\/#organization\"},\"alternateName\":\"Plaza de Toros de C\u00f3rdoba\",\"potentialAction\":[{\"@type\":\"SearchAction\",\"target\":{\"@type\":\"EntryPoint\",\"urlTemplate\":\"https:\\\/\\\/plazadetoroscordoba.com\\\/fr\\\/?s={search_term_string}\"},\"query-input\":{\"@type\":\"PropertyValueSpecification\",\"valueRequired\":true,\"valueName\":\"search_term_string\"}}],\"inLanguage\":\"fr-FR\"},{\"@type\":\"Organization\",\"@id\":\"https:\\\/\\\/plazadetoroscordoba.com\\\/fr\\\/#organization\",\"name\":\"Plaza Toros C\u00f3rdoba\",\"url\":\"https:\\\/\\\/plazadetoroscordoba.com\\\/fr\\\/\",\"logo\":{\"@type\":\"ImageObject\",\"inLanguage\":\"fr-FR\",\"@id\":\"https:\\\/\\\/plazadetoroscordoba.com\\\/fr\\\/#\\\/schema\\\/logo\\\/image\\\/\",\"url\":\"https:\\\/\\\/plazadetoroscordoba.com\\\/wp-content\\\/uploads\\\/2024\\\/03\\\/Banner-web.webp\",\"contentUrl\":\"https:\\\/\\\/plazadetoroscordoba.com\\\/wp-content\\\/uploads\\\/2024\\\/03\\\/Banner-web.webp\",\"width\":267,\"height\":100,\"caption\":\"Plaza Toros C\u00f3rdoba\"},\"image\":{\"@id\":\"https:\\\/\\\/plazadetoroscordoba.com\\\/fr\\\/#\\\/schema\\\/logo\\\/image\\\/\"}},{\"@type\":\"Person\",\"@id\":\"https:\\\/\\\/plazadetoroscordoba.com\\\/fr\\\/#\\\/schema\\\/person\\\/585e54b6000bb379c3208c74be7bdbcc\",\"name\":\"Marketing\",\"image\":{\"@type\":\"ImageObject\",\"inLanguage\":\"fr-FR\",\"@id\":\"https:\\\/\\\/plazadetoroscordoba.com\\\/wp-content\\\/litespeed\\\/avatar\\\/784dc806a7d23845afc4e9cc8c15fe87.jpg?ver=1776884604\",\"url\":\"https:\\\/\\\/plazadetoroscordoba.com\\\/wp-content\\\/litespeed\\\/avatar\\\/784dc806a7d23845afc4e9cc8c15fe87.jpg?ver=1776884604\",\"contentUrl\":\"https:\\\/\\\/plazadetoroscordoba.com\\\/wp-content\\\/litespeed\\\/avatar\\\/784dc806a7d23845afc4e9cc8c15fe87.jpg?ver=1776884604\",\"caption\":\"Marketing\"},\"url\":\"https:\\\/\\\/plazadetoroscordoba.com\\\/fr\\\/author\\\/marketing\\\/\"}]}<\/script>\n<!-- \/ Yoast SEO plugin. -->","yoast_head_json":{"title":"Les cinq califes de Cordoue - Plaza Toros C\u00f3rdoba","robots":{"index":"index","follow":"follow","max-snippet":"max-snippet:-1","max-image-preview":"max-image-preview:large","max-video-preview":"max-video-preview:-1"},"canonical":"https:\/\/plazadetoroscordoba.com\/fr\/les-cinq-califes-de-cordoue\/","og_locale":"fr_FR","og_type":"article","og_title":"Les cinq califes de Cordoue - Plaza Toros C\u00f3rdoba","og_url":"https:\/\/plazadetoroscordoba.com\/fr\/les-cinq-califes-de-cordoue\/","og_site_name":"Plaza Toros C\u00f3rdoba","article_published_time":"2024-03-26T11:36:23+00:00","article_modified_time":"2026-04-28T13:00:20+00:00","og_image":[{"width":660,"height":390,"url":"https:\/\/plazadetoroscordoba.com\/wp-content\/uploads\/2024\/03\/los-califas.jpg","type":"image\/jpeg"}],"author":"Marketing","twitter_card":"summary_large_image","twitter_misc":{"\u00c9crit par":"Marketing","Dur\u00e9e de lecture estim\u00e9e":"4 minutes"},"schema":{"@context":"https:\/\/schema.org","@graph":[{"@type":"Article","@id":"https:\/\/plazadetoroscordoba.com\/fr\/les-cinq-califes-de-cordoue\/#article","isPartOf":{"@id":"https:\/\/plazadetoroscordoba.com\/fr\/les-cinq-califes-de-cordoue\/"},"author":{"name":"Marketing","@id":"https:\/\/plazadetoroscordoba.com\/fr\/#\/schema\/person\/585e54b6000bb379c3208c74be7bdbcc"},"headline":"Les cinq califes de Cordoue","datePublished":"2024-03-26T11:36:23+00:00","dateModified":"2026-04-28T13:00:20+00:00","mainEntityOfPage":{"@id":"https:\/\/plazadetoroscordoba.com\/fr\/les-cinq-califes-de-cordoue\/"},"wordCount":783,"commentCount":0,"publisher":{"@id":"https:\/\/plazadetoroscordoba.com\/fr\/#organization"},"image":{"@id":"https:\/\/plazadetoroscordoba.com\/fr\/les-cinq-califes-de-cordoue\/#primaryimage"},"thumbnailUrl":"https:\/\/plazadetoroscordoba.com\/wp-content\/uploads\/2024\/03\/los-califas.jpg","articleSection":["Blog"],"inLanguage":"fr-FR","potentialAction":[{"@type":"CommentAction","name":"Comment","target":["https:\/\/plazadetoroscordoba.com\/fr\/les-cinq-califes-de-cordoue\/#respond"]}]},{"@type":"WebPage","@id":"https:\/\/plazadetoroscordoba.com\/fr\/les-cinq-califes-de-cordoue\/","url":"https:\/\/plazadetoroscordoba.com\/fr\/les-cinq-califes-de-cordoue\/","name":"Les cinq califes de Cordoue - Plaza Toros C\u00f3rdoba","isPartOf":{"@id":"https:\/\/plazadetoroscordoba.com\/fr\/#website"},"primaryImageOfPage":{"@id":"https:\/\/plazadetoroscordoba.com\/fr\/les-cinq-califes-de-cordoue\/#primaryimage"},"image":{"@id":"https:\/\/plazadetoroscordoba.com\/fr\/les-cinq-califes-de-cordoue\/#primaryimage"},"thumbnailUrl":"https:\/\/plazadetoroscordoba.com\/wp-content\/uploads\/2024\/03\/los-califas.jpg","datePublished":"2024-03-26T11:36:23+00:00","dateModified":"2026-04-28T13:00:20+00:00","breadcrumb":{"@id":"https:\/\/plazadetoroscordoba.com\/fr\/les-cinq-califes-de-cordoue\/#breadcrumb"},"inLanguage":"fr-FR","potentialAction":[{"@type":"ReadAction","target":["https:\/\/plazadetoroscordoba.com\/fr\/les-cinq-califes-de-cordoue\/"]}]},{"@type":"ImageObject","inLanguage":"fr-FR","@id":"https:\/\/plazadetoroscordoba.com\/fr\/les-cinq-califes-de-cordoue\/#primaryimage","url":"https:\/\/plazadetoroscordoba.com\/wp-content\/uploads\/2024\/03\/los-califas.jpg","contentUrl":"https:\/\/plazadetoroscordoba.com\/wp-content\/uploads\/2024\/03\/los-califas.jpg","width":660,"height":390},{"@type":"BreadcrumbList","@id":"https:\/\/plazadetoroscordoba.com\/fr\/les-cinq-califes-de-cordoue\/#breadcrumb","itemListElement":[{"@type":"ListItem","position":1,"name":"Portada","item":"https:\/\/plazadetoroscordoba.com\/fr\/"},{"@type":"ListItem","position":2,"name":"Les cinq califes de Cordoue"}]},{"@type":"WebSite","@id":"https:\/\/plazadetoroscordoba.com\/fr\/#website","url":"https:\/\/plazadetoroscordoba.com\/fr\/","name":"Plaza Toros C\u00f3rdoba","description":"Venta de entradas a corridas de toros en C\u00f3rdoba","publisher":{"@id":"https:\/\/plazadetoroscordoba.com\/fr\/#organization"},"alternateName":"Plaza de Toros de C\u00f3rdoba","potentialAction":[{"@type":"SearchAction","target":{"@type":"EntryPoint","urlTemplate":"https:\/\/plazadetoroscordoba.com\/fr\/?s={search_term_string}"},"query-input":{"@type":"PropertyValueSpecification","valueRequired":true,"valueName":"search_term_string"}}],"inLanguage":"fr-FR"},{"@type":"Organization","@id":"https:\/\/plazadetoroscordoba.com\/fr\/#organization","name":"Plaza Toros C\u00f3rdoba","url":"https:\/\/plazadetoroscordoba.com\/fr\/","logo":{"@type":"ImageObject","inLanguage":"fr-FR","@id":"https:\/\/plazadetoroscordoba.com\/fr\/#\/schema\/logo\/image\/","url":"https:\/\/plazadetoroscordoba.com\/wp-content\/uploads\/2024\/03\/Banner-web.webp","contentUrl":"https:\/\/plazadetoroscordoba.com\/wp-content\/uploads\/2024\/03\/Banner-web.webp","width":267,"height":100,"caption":"Plaza Toros C\u00f3rdoba"},"image":{"@id":"https:\/\/plazadetoroscordoba.com\/fr\/#\/schema\/logo\/image\/"}},{"@type":"Person","@id":"https:\/\/plazadetoroscordoba.com\/fr\/#\/schema\/person\/585e54b6000bb379c3208c74be7bdbcc","name":"Marketing","image":{"@type":"ImageObject","inLanguage":"fr-FR","@id":"https:\/\/plazadetoroscordoba.com\/wp-content\/litespeed\/avatar\/784dc806a7d23845afc4e9cc8c15fe87.jpg?ver=1776884604","url":"https:\/\/plazadetoroscordoba.com\/wp-content\/litespeed\/avatar\/784dc806a7d23845afc4e9cc8c15fe87.jpg?ver=1776884604","contentUrl":"https:\/\/plazadetoroscordoba.com\/wp-content\/litespeed\/avatar\/784dc806a7d23845afc4e9cc8c15fe87.jpg?ver=1776884604","caption":"Marketing"},"url":"https:\/\/plazadetoroscordoba.com\/fr\/author\/marketing\/"}]}},"_links":{"self":[{"href":"https:\/\/plazadetoroscordoba.com\/fr\/wp-json\/wp\/v2\/posts\/9342","targetHints":{"allow":["GET"]}}],"collection":[{"href":"https:\/\/plazadetoroscordoba.com\/fr\/wp-json\/wp\/v2\/posts"}],"about":[{"href":"https:\/\/plazadetoroscordoba.com\/fr\/wp-json\/wp\/v2\/types\/post"}],"author":[{"embeddable":true,"href":"https:\/\/plazadetoroscordoba.com\/fr\/wp-json\/wp\/v2\/users\/2"}],"replies":[{"embeddable":true,"href":"https:\/\/plazadetoroscordoba.com\/fr\/wp-json\/wp\/v2\/comments?post=9342"}],"version-history":[{"count":2,"href":"https:\/\/plazadetoroscordoba.com\/fr\/wp-json\/wp\/v2\/posts\/9342\/revisions"}],"predecessor-version":[{"id":9344,"href":"https:\/\/plazadetoroscordoba.com\/fr\/wp-json\/wp\/v2\/posts\/9342\/revisions\/9344"}],"wp:featuredmedia":[{"embeddable":true,"href":"https:\/\/plazadetoroscordoba.com\/fr\/wp-json\/wp\/v2\/media\/4389"}],"wp:attachment":[{"href":"https:\/\/plazadetoroscordoba.com\/fr\/wp-json\/wp\/v2\/media?parent=9342"}],"wp:term":[{"taxonomy":"category","embeddable":true,"href":"https:\/\/plazadetoroscordoba.com\/fr\/wp-json\/wp\/v2\/categories?post=9342"},{"taxonomy":"post_tag","embeddable":true,"href":"https:\/\/plazadetoroscordoba.com\/fr\/wp-json\/wp\/v2\/tags?post=9342"}],"curies":[{"name":"wp","href":"https:\/\/api.w.org\/{rel}","templated":true}]}}